{"id":1024,"date":"2025-11-10T15:48:20","date_gmt":"2025-11-10T14:48:20","guid":{"rendered":"https:\/\/lamarelleenchantee.ovh\/wordpress\/?p=1024"},"modified":"2025-12-03T17:34:55","modified_gmt":"2025-12-03T16:34:55","slug":"retour-cafe-parents","status":"publish","type":"post","link":"https:\/\/lamarelleenchantee.ovh\/wordpress\/retour-cafe-parents\/","title":{"rendered":"Retour caf\u00e9 parents"},"content":{"rendered":"\n<p class=\"wp-block-paragraph\">Suite au caf\u00e9 parents qui a eu lieu le 10 novembre dernier, voici un r\u00e9sum\u00e9 de nos \u00e9changes sur la th\u00e9matique abord\u00e9e&nbsp;: la <strong>phase d\u2019opposition<\/strong>.<\/p>\n\n\n\n<p class=\"wp-block-paragraph\">La phase d&#8217;opposition, souvent appel\u00e9e le <em>terrible two<\/em> est une \u00e9tape normale du d\u00e9veloppement de l\u2019enfant qui se manifeste g\u00e9n\u00e9ralement entre 18 mois et 3 ans. Durant cette p\u00e9riode, parfois un peu d\u00e9routante pour les parents, l&#8217;enfant commence \u00e0 affirmer son individualit\u00e9 et son besoin d&#8217;autonomie, ce qui se traduit souvent par des comportements d&#8217;opposition et de \u201cd\u00e9sob\u00e9issance\u201d.<\/p>\n\n\n\n<p class=\"wp-block-paragraph\">Les manifestations de cette phase varient d&#8217;un enfant \u00e0 l&#8217;autre, mais on observe fr\u00e9quemment des crises de col\u00e8re, des refus cat\u00e9goriques (\u00ab non ! \u00bb), des pleurs, une tendance \u00e0 tester les limites fix\u00e9es par les parents&#8230; Ces comportements sont le signe que l&#8217;enfant explore ses capacit\u00e9s de d\u00e9cision, d\u00e9couvre qu\u2019il est une personne \u00e0 part enti\u00e8re, cherche \u00e0 comprendre les r\u00e8gles qui r\u00e9gissent son environnement. Il dit \u00ab&nbsp;non&nbsp;\u00bb, non pas pour \u00eatre \u00ab&nbsp;contre&nbsp;\u00bb l\u2019adulte, mais c\u2019est sa fa\u00e7on d\u2019exister, de s\u2019affirmer.<\/p>\n\n\n\n<p class=\"wp-block-paragraph\">Il est important de noter que cette phase est <strong>normale <\/strong>et <strong>n\u00e9cessaire <\/strong>pour le d\u00e9veloppement de l&#8217;enfant. Elle lui permet de d\u00e9velopper son autonomie, d&#8217;apprendre \u00e0 exprimer ses besoins et ses \u00e9motions et de se construire une identit\u00e9 propre. Les parents peuvent aider leur enfant \u00e0 traverser cette phase en faisant preuve de patience, de compr\u00e9hension et de coh\u00e9rence dans leur approche \u00e9ducative. Il est \u00e9galement utile de proposer des alternatives et des choix \u00e0 l&#8217;enfant, de valoriser ses r\u00e9ussites et de l&#8217;encourager \u00e0 exprimer ses \u00e9motions .<\/p>\n\n\n\n<p class=\"wp-block-paragraph\">Voici quelques pistes pour vous aider, si besoin, \u00e0 traverser cette p\u00e9riode&nbsp;:<\/p>\n\n\n\n<p class=\"wp-block-paragraph\">&#8211; Anticiper et pr\u00e9venir : identifier les situations qui d\u00e9clenchent l&#8217;opposition (fatigue, faim, frustration) et adapter l&#8217;environnement en cons\u00e9quence. <\/p>\n\n\n\n<p class=\"wp-block-paragraph\">&#8211; Verbaliser \u00e0 l&#8217;enfant au maximum, notamment sur ce qui va suivre (&#8220;une fois rentr\u00e9s \u00e0 la maison je te donnerai le bain&#8221;), en adaptant le vocabulaire \u00e0 la capacit\u00e9 de compr\u00e9hension de l&#8217;enfant (un enfant de 2 ans n&#8217;est pas en mesure de comprendre ce que signifie &#8220;cinq minutes&#8221;; on lui dira plut\u00f4t &#8220;quand la chanson est finie&#8221;, &#8220;dans trois tours de toboggan&#8221; etc.)<\/p>\n\n\n\n<p class=\"wp-block-paragraph\">&#8211; Proposer des routines claires et pr\u00e9visibles pour s\u00e9curiser l&#8217;enfant.<\/p>\n\n\n\n<p class=\"wp-block-paragraph\">&#8211; Valider les \u00e9motions : accueillir les \u00e9motions de l&#8217;enfant sans les juger. Mettre des mots sur ce qu&#8217;il ressent (\u00ab je vois que tu es en col\u00e8re parce que\u2026 \u00bb). Cela aide l&#8217;enfant \u00e0 reconna\u00eetre et \u00e0 g\u00e9rer ses \u00e9motions.<\/p>\n\n\n\n<p class=\"wp-block-paragraph\">&#8211; Fixer des limites claires et coh\u00e9rentes : les r\u00e8gles doivent \u00eatre simples, compr\u00e9hensibles et appliqu\u00e9es de mani\u00e8re constante. Expliquer les raisons des r\u00e8gles de fa\u00e7on adapt\u00e9e \u00e0 l&#8217;\u00e2ge de l&#8217;enfant.<\/p>\n\n\n\n<p class=\"wp-block-paragraph\">&#8211; Proposer des choix : offrir \u00e0 l&#8217;enfant des options limit\u00e9es pour lui donner un sentiment de contr\u00f4le (\u00ab Tu veux mettre ton pull bleu ou ton pull rouge ? \u00bb).<\/p>\n\n\n\n<p class=\"wp-block-paragraph\">&#8211; Utiliser le renforcement positif : valoriser les comportements positifs et les efforts de l&#8217;enfant. Les encouragements et les compliments renforcent l&#8217;estime de soi et la coop\u00e9ration.<\/p>\n\n\n\n<p class=\"wp-block-paragraph\">&#8211; G\u00e9rer les \u00ab&nbsp;crises&nbsp;\u00bb (qu\u2019on appelle parfois \u00ab&nbsp;temp\u00eates \u00e9motionnelles&nbsp;\u00bb) : en cas de crise, rester calme et \u00e9viter de rentrer dans un rapport de force. Si possible, ignorer les comportements non dangereux et se concentrer sur la s\u00e9curit\u00e9 de l&#8217;enfant. Proposer un c\u00e2lin ou un temps calme pour aider l&#8217;enfant \u00e0 se recentrer.<\/p>\n\n\n\n<p class=\"wp-block-paragraph\">&#8211; Prendre soin de soi : la phase d&#8217;opposition peut \u00eatre \u00e9puisante pour les parents. Il est essentiel de prendre du temps pour se ressourcer et de ne pas h\u00e9siter \u00e0 demander de l&#8217;aide si n\u00e9cessaire.<\/p>\n\n\n\n<div class=\"ablocks-block ablocks-block-d716a3dd-1ebd-443b-b327-80ab08b0354d ablocks-block--container ablocks-block--container--is-root alignfull\"><div class=\"ablocks-block-container\">\n<div class=\"ablocks-block ablocks-block-f92f6f2a-da82-4b3f-9a41-c0f047a04579 ablocks-block--container\">\n<figure class=\"wp-block-image size-large\"><img loading=\"lazy\" decoding=\"async\" width=\"1024\" height=\"768\" src=\"https:\/\/lamarelleenchantee.ovh\/wordpress\/wp-content\/uploads\/WhatsApp-Image-2025-12-03-at-11.47.09-1024x768.jpeg\" alt=\"\" class=\"wp-image-1210\" srcset=\"https:\/\/lamarelleenchantee.ovh\/wordpress\/wp-content\/uploads\/WhatsApp-Image-2025-12-03-at-11.47.09-1024x768.jpeg 1024w, https:\/\/lamarelleenchantee.ovh\/wordpress\/wp-content\/uploads\/WhatsApp-Image-2025-12-03-at-11.47.09-300x225.jpeg 300w, https:\/\/lamarelleenchantee.ovh\/wordpress\/wp-content\/uploads\/WhatsApp-Image-2025-12-03-at-11.47.09-768x576.jpeg 768w, https:\/\/lamarelleenchantee.ovh\/wordpress\/wp-content\/uploads\/WhatsApp-Image-2025-12-03-at-11.47.09-1536x1152.jpeg 1536w, https:\/\/lamarelleenchantee.ovh\/wordpress\/wp-content\/uploads\/WhatsApp-Image-2025-12-03-at-11.47.09.jpeg 1600w\" sizes=\"auto, (max-width: 1024px) 100vw, 1024px\" \/><\/figure>\n<\/div>\n\n\n\n<div class=\"ablocks-block ablocks-block-4c3ee6de-551d-4b68-9602-5445bd464a0a ablocks-block--container\">\n<figure class=\"wp-block-image size-large\"><img loading=\"lazy\" decoding=\"async\" width=\"1024\" height=\"768\" src=\"https:\/\/lamarelleenchantee.ovh\/wordpress\/wp-content\/uploads\/WhatsApp-Image-2025-12-03-at-11.47.08-1024x768.jpeg\" alt=\"\" class=\"wp-image-1211\" srcset=\"https:\/\/lamarelleenchantee.ovh\/wordpress\/wp-content\/uploads\/WhatsApp-Image-2025-12-03-at-11.47.08-1024x768.jpeg 1024w, https:\/\/lamarelleenchantee.ovh\/wordpress\/wp-content\/uploads\/WhatsApp-Image-2025-12-03-at-11.47.08-300x225.jpeg 300w, https:\/\/lamarelleenchantee.ovh\/wordpress\/wp-content\/uploads\/WhatsApp-Image-2025-12-03-at-11.47.08-768x576.jpeg 768w, https:\/\/lamarelleenchantee.ovh\/wordpress\/wp-content\/uploads\/WhatsApp-Image-2025-12-03-at-11.47.08-1536x1152.jpeg 1536w, https:\/\/lamarelleenchantee.ovh\/wordpress\/wp-content\/uploads\/WhatsApp-Image-2025-12-03-at-11.47.08.jpeg 1600w\" sizes=\"auto, (max-width: 1024px) 100vw, 1024px\" \/><\/figure>\n<\/div>\n<\/div><\/div>\n\n\n\n<p class=\"wp-block-paragraph\"><\/p>\n","protected":false},"excerpt":{"rendered":"<p>Suite au caf\u00e9 parents qui a eu lieu le 10 novembre dernier, voici un r\u00e9sum\u00e9 de nos \u00e9changes sur la th\u00e9matique abord\u00e9e&nbsp;: la phase d\u2019opposition. &hellip; <\/p>\n","protected":false},"author":9,"featured_media":0,"comment_status":"open","ping_status":"open","sticky":false,"template":"","format":"standard","meta":{"_crdt_document":"","_jetpack_memberships_contains_paid_content":false,"footnotes":"","jetpack_publicize_message":"","jetpack_publicize_feature_enabled":true,"jetpack_social_post_already_shared":true,"jetpack_social_options":{"image_generator_settings":{"template":"highway","default_image_id":0,"font":"","enabled":false},"version":2}},"categories":[24,19],"tags":[84],"class_list":["post-1024","post","type-post","status-publish","format-standard","hentry","category-actualites","category-coin_parents","tag-novembre"],"jetpack_publicize_connections":[],"jetpack_featured_media_url":"","jetpack_sharing_enabled":true,"_links":{"self":[{"href":"https:\/\/lamarelleenchantee.ovh\/wordpress\/wp-json\/wp\/v2\/posts\/1024","targetHints":{"allow":["GET"]}}],"collection":[{"href":"https:\/\/lamarelleenchantee.ovh\/wordpress\/wp-json\/wp\/v2\/posts"}],"about":[{"href":"https:\/\/lamarelleenchantee.ovh\/wordpress\/wp-json\/wp\/v2\/types\/post"}],"author":[{"embeddable":true,"href":"https:\/\/lamarelleenchantee.ovh\/wordpress\/wp-json\/wp\/v2\/users\/9"}],"replies":[{"embeddable":true,"href":"https:\/\/lamarelleenchantee.ovh\/wordpress\/wp-json\/wp\/v2\/comments?post=1024"}],"version-history":[{"count":3,"href":"https:\/\/lamarelleenchantee.ovh\/wordpress\/wp-json\/wp\/v2\/posts\/1024\/revisions"}],"predecessor-version":[{"id":1213,"href":"https:\/\/lamarelleenchantee.ovh\/wordpress\/wp-json\/wp\/v2\/posts\/1024\/revisions\/1213"}],"wp:attachment":[{"href":"https:\/\/lamarelleenchantee.ovh\/wordpress\/wp-json\/wp\/v2\/media?parent=1024"}],"wp:term":[{"taxonomy":"category","embeddable":true,"href":"https:\/\/lamarelleenchantee.ovh\/wordpress\/wp-json\/wp\/v2\/categories?post=1024"},{"taxonomy":"post_tag","embeddable":true,"href":"https:\/\/lamarelleenchantee.ovh\/wordpress\/wp-json\/wp\/v2\/tags?post=1024"}],"curies":[{"name":"wp","href":"https:\/\/api.w.org\/{rel}","templated":true}]}}