{"id":398,"date":"2022-07-10T10:09:00","date_gmt":"2022-07-10T08:09:00","guid":{"rendered":"https:\/\/lamarelleenchantee.ovh\/wordpress\/?p=398"},"modified":"2025-07-10T12:31:41","modified_gmt":"2025-07-10T10:31:41","slug":"le-projet-de-lassociation-la-marelle-enchantee","status":"publish","type":"post","link":"https:\/\/lamarelleenchantee.ovh\/wordpress\/le-projet-de-lassociation-la-marelle-enchantee\/","title":{"rendered":"LE PROJET DE L\u2019ASSOCIATION LA MARELLE ENCHANT\u00c9E"},"content":{"rendered":"\n<div class=\"wp-block-file aligncenter\"><a id=\"wp-block-file--media-b8449645-2c79-4345-a142-26d8d4ef1332\" href=\"https:\/\/lamarelleenchantee.ovh\/wordpress\/wp-content\/uploads\/Projet_etablissement_2022.pdf\" target=\"_blank\" rel=\"noreferrer noopener\">Projet_etablissement_2022<\/a><a href=\"https:\/\/lamarelleenchantee.ovh\/wordpress\/wp-content\/uploads\/Projet_etablissement_2022.pdf\" class=\"wp-block-file__button wp-element-button\" download aria-describedby=\"wp-block-file--media-b8449645-2c79-4345-a142-26d8d4ef1332\">T\u00e9l\u00e9charger<\/a><\/div>\n\n\n\n<p class=\"wp-block-paragraph\">Ce projet d\u2019\u00e9tablissement, se d\u00e9compose en 3 projets :<\/p>\n\n\n\n<p class=\"wp-block-paragraph\">La Marelle Enchant\u00e9e est une association r\u00e9gie par la loi du 1er juillet 1901 \u00e0 but non lucratif. Elle assure la gestion et le fonctionnement du Multi-Accueil La Marelle Enchant\u00e9e situ\u00e9e sur la commune de MONTAGNAC-MONTPEZAT.<br>Son action est d\u00e9finie par ses statuts, son r\u00e8glement de fonctionnement (et ses protocoles associ\u00e9s) et son projet d\u2019\u00e9tablissement.<\/p>\n\n\n\n<div class=\"wp-block-columns is-layout-flex wp-container-core-columns-is-layout-8f761849 wp-block-columns-is-layout-flex\">\n<div class=\"wp-block-column is-vertically-aligned-center is-layout-flow wp-block-column-is-layout-flow\">\n<p class=\"wp-block-paragraph\">\u00a0\u00a0\u00a0 &#8211; Le projet d&#8217;Accueil<\/p>\n<\/div>\n\n\n\n<div class=\"wp-block-column is-vertically-aligned-center is-layout-flow wp-block-column-is-layout-flow\" style=\"flex-basis:33.33%\">\n<div class=\"wp-block-file\"><a id=\"wp-block-file--media-285d3eb9-2359-40d5-9844-0fd02bdedefa\" href=\"https:\/\/lamarelleenchantee.ovh\/wordpress\/wp-content\/uploads\/Projet_accueil_2022.pdf\" target=\"_blank\" rel=\"noreferrer noopener\">Projet_accueil_2022<\/a><a href=\"https:\/\/lamarelleenchantee.ovh\/wordpress\/wp-content\/uploads\/Projet_accueil_2022.pdf\" class=\"wp-block-file__button wp-element-button\" download aria-describedby=\"wp-block-file--media-285d3eb9-2359-40d5-9844-0fd02bdedefa\">T\u00e9l\u00e9charger<\/a><\/div>\n<\/div>\n<\/div>\n\n\n\n<div class=\"wp-block-columns is-layout-flex wp-container-core-columns-is-layout-8f761849 wp-block-columns-is-layout-flex\">\n<div class=\"wp-block-column is-vertically-aligned-center is-layout-flow wp-block-column-is-layout-flow\">\n<p class=\"wp-block-paragraph\">\u00a0\u00a0\u00a0 &#8211; Le projet Social et D\u00e9veloppement Durable <\/p>\n<\/div>\n\n\n\n<div class=\"wp-block-column is-vertically-aligned-center is-layout-flow wp-block-column-is-layout-flow\" style=\"flex-basis:33.33%\">\n<div class=\"wp-block-file\"><a id=\"wp-block-file--media-32384543-211a-4e0a-ae73-a33730333dcb\" href=\"https:\/\/lamarelleenchantee.ovh\/wordpress\/wp-content\/uploads\/Projet_social_DD_2022.pdf\" target=\"_blank\" rel=\"noreferrer noopener\">Projet_social_DD_2022<\/a><a href=\"https:\/\/lamarelleenchantee.ovh\/wordpress\/wp-content\/uploads\/Projet_social_DD_2022.pdf\" class=\"wp-block-file__button wp-element-button\" download aria-describedby=\"wp-block-file--media-32384543-211a-4e0a-ae73-a33730333dcb\">T\u00e9l\u00e9charger<\/a><\/div>\n<\/div>\n<\/div>\n\n\n\n<div class=\"wp-block-columns is-layout-flex wp-container-core-columns-is-layout-8f761849 wp-block-columns-is-layout-flex\">\n<div class=\"wp-block-column is-vertically-aligned-center is-layout-flow wp-block-column-is-layout-flow\">\n<p class=\"wp-block-paragraph\">\u00a0\u00a0\u00a0 &#8211; Le projet \u00c9ducatif <\/p>\n<\/div>\n\n\n\n<div class=\"wp-block-column is-vertically-aligned-center is-layout-flow wp-block-column-is-layout-flow\" style=\"flex-basis:33.33%\">\n<div class=\"wp-block-file\"><a id=\"wp-block-file--media-bdd84d5f-448b-486c-8960-25a113942252\" href=\"https:\/\/lamarelleenchantee.ovh\/wordpress\/wp-content\/uploads\/Projet_educatif_2022.pdf\" target=\"_blank\" rel=\"noreferrer noopener\">Projet_educatif_2022<\/a><a href=\"https:\/\/lamarelleenchantee.ovh\/wordpress\/wp-content\/uploads\/Projet_educatif_2022.pdf\" class=\"wp-block-file__button wp-element-button\" download aria-describedby=\"wp-block-file--media-bdd84d5f-448b-486c-8960-25a113942252\">T\u00e9l\u00e9charger<\/a><\/div>\n<\/div>\n<\/div>\n\n\n\n<p class=\"wp-block-paragraph\">\u00a0\u00a0&#8211; Le projet p\u00e9dagogique d\u00e9cline les actions concr\u00e8tes men\u00e9es sur le terrain d\u00e9coulant de ces trois projets. (en cours de r\u00e9actualisation)<\/p>\n\n\n\n<p class=\"wp-block-paragraph\">Depuis le d\u00e9cret d\u2019ao\u00fbt 2021, un cadre national pour l\u2019accueil du jeune enfant a \u00e9t\u00e9 \u00e9labor\u00e9 et doit \u00eatre appliqu\u00e9 dans toutes les structures. Il constitue une r\u00e9f\u00e9rence pour les professionnels qui ont pour priorit\u00e9 le d\u00e9veloppement, l\u2019\u00e9panouissement, et le respect des droits des enfants en relation avec leurs familles.<br>Ce texte-cadre expose les principes que la France adopte, en vue de garantir les meilleures conditions d\u2019accueil \u00e0 ses tr\u00e8s jeunes citoyens. En prenant en compte les besoins fondamentaux des tout-petits, il reformule les pratiques professionnelles \u00e0 partir du point de vue de l\u2019int\u00e9r\u00eat sup\u00e9rieur de l\u2019enfant, et explicite la mani\u00e8re dont le monde de la petite enfance peut poser les bases n\u00e9cessaires \u00e0 un d\u00e9veloppement complet et harmonieux, respectueux des droits, des besoins et de la singularit\u00e9 de chaque petite fille et de chaque petit gar\u00e7on.<\/p>\n\n\n\n<p class=\"wp-block-paragraph\">Ce cadre est r\u00e9sum\u00e9 en 10 grands principes de la charte nationale pour l\u2019Accueil du Jeune Enfant.<\/p>\n\n\n\n<p class=\"wp-block-paragraph\"><\/p>\n\n\n\n<p class=\"has-text-align-center wp-block-paragraph\"><strong>LA CHARTE NATIONALE POUR L\u2019ACCUEIL DU JEUNE ENFANT<\/strong><\/p>\n\n\n\n<ol class=\"wp-block-list\">\n<li> Pour grandir sereinement, j\u2019ai besoin que l\u2019on m\u2019accueille quelle que soit ma situation ou celle de ma famille.<\/li>\n\n\n\n<li>J\u2019avance \u00e0 mon propre rythme et je d\u00e9veloppe toutes mes facult\u00e9s en m\u00eame temps : pour moi, tout est langage, corps, jeu, exp\u00e9rience. J\u2019ai besoin que l\u2019on me parle, de temps et d\u2019espace pour jouer librement et pour exercer mes multiples capacit\u00e9s.<\/li>\n\n\n\n<li>Je suis sensible \u00e0 mon entourage proche et au monde qui s\u2019offre \u00e0 moi. Je me sens bien accueillie quand ma famille est bien accueillie, car mes parents constituent mon point d\u2019origine et mon port d\u2019attache.<\/li>\n\n\n\n<li>Pour me sentir bien et avoir confiance en moi, j\u2019ai besoin de professionnels qui encouragent avec bienveillance mon d\u00e9sir d&#8217;apprendre, de me socialiser et de d\u00e9couvrir.<\/li>\n\n\n\n<li>Je d\u00e9veloppe ma cr\u00e9ativit\u00e9 et j\u2019\u00e9veille mes sens gr\u00e2ce aux exp\u00e9riences artistiques et culturelles. Je m\u2019ouvre au monde par la richesse des \u00e9changes interculturels.<\/li>\n\n\n\n<li>Le contact r\u00e9el avec la nature est essentiel \u00e0 mon d\u00e9veloppement.<\/li>\n\n\n\n<li>Fille ou gar\u00e7on, j\u2019ai besoin que l\u2019on me valorise pour mes qualit\u00e9s personnelles, en dehors de tout st\u00e9r\u00e9otype. Il en va de m\u00eame pour les professionnels qui m\u2019accompagnent. C\u2019est aussi gr\u00e2ce \u00e0 ces femmes et \u00e0 ces hommes que je construis mon identit\u00e9.<\/li>\n\n\n\n<li>J\u2019ai besoin d\u2019\u00e9voluer dans un environnement beau, sain et propice \u00e0 mon \u00e9veil.<\/li>\n\n\n\n<li>Pour que je sois bien trait\u00e9e, il est n\u00e9cessaire que les adultes qui m\u2019entourent soient bien trait\u00e9s. Travailler aupr\u00e8s des tout-petits n\u00e9cessite des temps pour r\u00e9fl\u00e9chir, se documenter et \u00e9changer entre coll\u00e8gues comme avec d&#8217;autres intervenants.<\/li>\n\n\n\n<li>J\u2019ai besoin que les personnes qui prennent soin de moi soient bien form\u00e9es et s\u2019int\u00e9ressent aux sp\u00e9cificit\u00e9s de mon tr\u00e8s jeune \u00e2ge et de ma situation d&#8217;enfant qui leur est confi\u00e9 par mon ou mes parents.<\/li>\n<\/ol>\n\n\n\n<p class=\"wp-block-paragraph\"><strong>Ces 10 principes sont d\u00e9clin\u00e9s dans les trois projets constitutifs de notre projet d\u2019\u00e9tablissement.<\/strong><\/p>\n","protected":false},"excerpt":{"rendered":"<p>Ce projet d\u2019\u00e9tablissement, se d\u00e9compose en 3 projets : La Marelle Enchant\u00e9e est une association r\u00e9gie par la loi du 1er juillet 1901 \u00e0 but &hellip; <\/p>\n","protected":false},"author":1,"featured_media":0,"comment_status":"open","ping_status":"open","sticky":false,"template":"","format":"standard","meta":{"_crdt_document":"","_jetpack_memberships_contains_paid_content":false,"footnotes":"","jetpack_publicize_message":"","jetpack_publicize_feature_enabled":true,"jetpack_social_post_already_shared":false,"jetpack_social_options":{"image_generator_settings":{"template":"highway","default_image_id":0,"font":"","enabled":false},"version":2}},"categories":[15],"tags":[],"class_list":["post-398","post","type-post","status-publish","format-standard","hentry","category-projet"],"jetpack_publicize_connections":[],"jetpack_featured_media_url":"","jetpack_sharing_enabled":true,"_links":{"self":[{"href":"https:\/\/lamarelleenchantee.ovh\/wordpress\/wp-json\/wp\/v2\/posts\/398","targetHints":{"allow":["GET"]}}],"collection":[{"href":"https:\/\/lamarelleenchantee.ovh\/wordpress\/wp-json\/wp\/v2\/posts"}],"about":[{"href":"https:\/\/lamarelleenchantee.ovh\/wordpress\/wp-json\/wp\/v2\/types\/post"}],"author":[{"embeddable":true,"href":"https:\/\/lamarelleenchantee.ovh\/wordpress\/wp-json\/wp\/v2\/users\/1"}],"replies":[{"embeddable":true,"href":"https:\/\/lamarelleenchantee.ovh\/wordpress\/wp-json\/wp\/v2\/comments?post=398"}],"version-history":[{"count":2,"href":"https:\/\/lamarelleenchantee.ovh\/wordpress\/wp-json\/wp\/v2\/posts\/398\/revisions"}],"predecessor-version":[{"id":405,"href":"https:\/\/lamarelleenchantee.ovh\/wordpress\/wp-json\/wp\/v2\/posts\/398\/revisions\/405"}],"wp:attachment":[{"href":"https:\/\/lamarelleenchantee.ovh\/wordpress\/wp-json\/wp\/v2\/media?parent=398"}],"wp:term":[{"taxonomy":"category","embeddable":true,"href":"https:\/\/lamarelleenchantee.ovh\/wordpress\/wp-json\/wp\/v2\/categories?post=398"},{"taxonomy":"post_tag","embeddable":true,"href":"https:\/\/lamarelleenchantee.ovh\/wordpress\/wp-json\/wp\/v2\/tags?post=398"}],"curies":[{"name":"wp","href":"https:\/\/api.w.org\/{rel}","templated":true}]}}