{"id":472,"date":"2022-07-10T16:59:00","date_gmt":"2022-07-10T14:59:00","guid":{"rendered":"https:\/\/lamarelleenchantee.ovh\/wordpress\/?p=472"},"modified":"2025-07-10T17:00:25","modified_gmt":"2025-07-10T15:00:25","slug":"provence-delices","status":"publish","type":"post","link":"https:\/\/lamarelleenchantee.ovh\/wordpress\/provence-delices\/","title":{"rendered":"Provence D\u00e9lices"},"content":{"rendered":"\n<p class=\"wp-block-paragraph\">Le traiteur Provence D\u00e9lices de Rians (Quartier Saint Andr\u00e9 83560 Rians, Mr et Mme Chehade Christophe, provencedelices83@gmail.com) d\u00e9veloppe une activit\u00e9 traiteur dans la r\u00e9gion avec l&#8217;organisation d&#8217;\u00e9v\u00e8nementiel et de cocktails pour particuliers et entreprises, restauration au sein de cantines scolaires, la r\u00e9alisation de paniers repas en vue de leur portage et de leur livraison, la vente ambulante et sur les march\u00e9s de tous produits traiteurs ou de restauration.<\/p>\n\n\n\n<p class=\"wp-block-paragraph\">Le traiteur Provence D\u00e9lices nous livre les repas quotidiens de la cr\u00e8che. Il fournit une fois par semaine des repas v\u00e9g\u00e9tariens. \u00c9galement certains menus sont compos\u00e9s de produits issus de l&#8217;agriculture biologique et\/ou de produits locaux.<\/p>\n\n\n<div class=\"wp-block-image\">\n<figure class=\"aligncenter\"><img loading=\"lazy\" decoding=\"async\" width=\"567\" height=\"233\" src=\"https:\/\/lamarelleenchantee.ovh\/wordpress\/wp-content\/uploads\/provencedelices.jpg\" alt=\"\" class=\"wp-image-473\" title=\"\" srcset=\"https:\/\/lamarelleenchantee.ovh\/wordpress\/wp-content\/uploads\/provencedelices.jpg 567w, https:\/\/lamarelleenchantee.ovh\/wordpress\/wp-content\/uploads\/provencedelices-300x123.jpg 300w\" sizes=\"auto, (max-width: 567px) 100vw, 567px\" \/><\/figure>\n<\/div>","protected":false},"excerpt":{"rendered":"<p>Le traiteur Provence D\u00e9lices de Rians (Quartier Saint Andr\u00e9 83560 Rians, Mr et Mme Chehade Christophe, provencedelices83@gmail.com) d\u00e9veloppe une activit\u00e9 traiteur dans la r\u00e9gion avec &hellip; <\/p>\n","protected":false},"author":1,"featured_media":0,"comment_status":"open","ping_status":"open","sticky":false,"template":"","format":"standard","meta":{"_crdt_document":"","_jetpack_memberships_contains_paid_content":false,"footnotes":"","jetpack_publicize_message":"","jetpack_publicize_feature_enabled":true,"jetpack_social_post_already_shared":false,"jetpack_social_options":{"image_generator_settings":{"template":"highway","default_image_id":0,"font":"","enabled":false},"version":2}},"categories":[20],"tags":[],"class_list":["post-472","post","type-post","status-publish","format-standard","hentry","category-partenaires"],"jetpack_publicize_connections":[],"jetpack_featured_media_url":"","jetpack_sharing_enabled":true,"_links":{"self":[{"href":"https:\/\/lamarelleenchantee.ovh\/wordpress\/wp-json\/wp\/v2\/posts\/472","targetHints":{"allow":["GET"]}}],"collection":[{"href":"https:\/\/lamarelleenchantee.ovh\/wordpress\/wp-json\/wp\/v2\/posts"}],"about":[{"href":"https:\/\/lamarelleenchantee.ovh\/wordpress\/wp-json\/wp\/v2\/types\/post"}],"author":[{"embeddable":true,"href":"https:\/\/lamarelleenchantee.ovh\/wordpress\/wp-json\/wp\/v2\/users\/1"}],"replies":[{"embeddable":true,"href":"https:\/\/lamarelleenchantee.ovh\/wordpress\/wp-json\/wp\/v2\/comments?post=472"}],"version-history":[{"count":1,"href":"https:\/\/lamarelleenchantee.ovh\/wordpress\/wp-json\/wp\/v2\/posts\/472\/revisions"}],"predecessor-version":[{"id":474,"href":"https:\/\/lamarelleenchantee.ovh\/wordpress\/wp-json\/wp\/v2\/posts\/472\/revisions\/474"}],"wp:attachment":[{"href":"https:\/\/lamarelleenchantee.ovh\/wordpress\/wp-json\/wp\/v2\/media?parent=472"}],"wp:term":[{"taxonomy":"category","embeddable":true,"href":"https:\/\/lamarelleenchantee.ovh\/wordpress\/wp-json\/wp\/v2\/categories?post=472"},{"taxonomy":"post_tag","embeddable":true,"href":"https:\/\/lamarelleenchantee.ovh\/wordpress\/wp-json\/wp\/v2\/tags?post=472"}],"curies":[{"name":"wp","href":"https:\/\/api.w.org\/{rel}","templated":true}]}}