{"id":478,"date":"2022-07-10T17:01:00","date_gmt":"2022-07-10T15:01:00","guid":{"rendered":"https:\/\/lamarelleenchantee.ovh\/wordpress\/?p=478"},"modified":"2025-07-10T17:02:18","modified_gmt":"2025-07-10T15:02:18","slug":"mairie-dallemagne-en-provence","status":"publish","type":"post","link":"https:\/\/lamarelleenchantee.ovh\/wordpress\/mairie-dallemagne-en-provence\/","title":{"rendered":"Mairie d&#8217;Allemagne en Provence"},"content":{"rendered":"\n<p class=\"wp-block-paragraph\">Allemagne-en-Provence est une commune fran\u00e7aise situ\u00e9e, en Provence Alpes C\u00f4te d&#8217;Azur, dans le d\u00e9partement des Alpes-de-Haute-Provence. La commune compte 488 habitants.<\/p>\n\n\n\n<p class=\"wp-block-paragraph\">La mairie d&#8217;Allemagne-en-Provence fait partie des 6 communes signataires du Contrat Enfance Jeunesse avec la CAF pour le financement de la structure<\/p>\n\n\n<div class=\"wp-block-image\">\n<figure class=\"aligncenter is-resized\"><img loading=\"lazy\" decoding=\"async\" width=\"447\" height=\"567\" src=\"https:\/\/lamarelleenchantee.ovh\/wordpress\/wp-content\/uploads\/ALLEMAGNE_EN_PROVENCE_04.jpg\" alt=\"\" class=\"wp-image-479\" style=\"width:178px;height:auto\" title=\"\" srcset=\"https:\/\/lamarelleenchantee.ovh\/wordpress\/wp-content\/uploads\/ALLEMAGNE_EN_PROVENCE_04.jpg 447w, https:\/\/lamarelleenchantee.ovh\/wordpress\/wp-content\/uploads\/ALLEMAGNE_EN_PROVENCE_04-237x300.jpg 237w\" sizes=\"auto, (max-width: 447px) 100vw, 447px\" \/><\/figure>\n<\/div>","protected":false},"excerpt":{"rendered":"<p>Allemagne-en-Provence est une commune fran\u00e7aise situ\u00e9e, en Provence Alpes C\u00f4te d&#8217;Azur, dans le d\u00e9partement des Alpes-de-Haute-Provence. La commune compte 488 habitants. La mairie d&#8217;Allemagne-en-Provence fait &hellip; <\/p>\n","protected":false},"author":1,"featured_media":0,"comment_status":"open","ping_status":"open","sticky":false,"template":"","format":"standard","meta":{"_crdt_document":"","_jetpack_memberships_contains_paid_content":false,"footnotes":"","jetpack_publicize_message":"","jetpack_publicize_feature_enabled":true,"jetpack_social_post_already_shared":false,"jetpack_social_options":{"image_generator_settings":{"template":"highway","default_image_id":0,"font":"","enabled":false},"version":2}},"categories":[20],"tags":[],"class_list":["post-478","post","type-post","status-publish","format-standard","hentry","category-partenaires"],"jetpack_publicize_connections":[],"jetpack_featured_media_url":"","jetpack_sharing_enabled":true,"_links":{"self":[{"href":"https:\/\/lamarelleenchantee.ovh\/wordpress\/wp-json\/wp\/v2\/posts\/478","targetHints":{"allow":["GET"]}}],"collection":[{"href":"https:\/\/lamarelleenchantee.ovh\/wordpress\/wp-json\/wp\/v2\/posts"}],"about":[{"href":"https:\/\/lamarelleenchantee.ovh\/wordpress\/wp-json\/wp\/v2\/types\/post"}],"author":[{"embeddable":true,"href":"https:\/\/lamarelleenchantee.ovh\/wordpress\/wp-json\/wp\/v2\/users\/1"}],"replies":[{"embeddable":true,"href":"https:\/\/lamarelleenchantee.ovh\/wordpress\/wp-json\/wp\/v2\/comments?post=478"}],"version-history":[{"count":1,"href":"https:\/\/lamarelleenchantee.ovh\/wordpress\/wp-json\/wp\/v2\/posts\/478\/revisions"}],"predecessor-version":[{"id":480,"href":"https:\/\/lamarelleenchantee.ovh\/wordpress\/wp-json\/wp\/v2\/posts\/478\/revisions\/480"}],"wp:attachment":[{"href":"https:\/\/lamarelleenchantee.ovh\/wordpress\/wp-json\/wp\/v2\/media?parent=478"}],"wp:term":[{"taxonomy":"category","embeddable":true,"href":"https:\/\/lamarelleenchantee.ovh\/wordpress\/wp-json\/wp\/v2\/categories?post=478"},{"taxonomy":"post_tag","embeddable":true,"href":"https:\/\/lamarelleenchantee.ovh\/wordpress\/wp-json\/wp\/v2\/tags?post=478"}],"curies":[{"name":"wp","href":"https:\/\/api.w.org\/{rel}","templated":true}]}}