{"id":497,"date":"2022-07-10T17:08:00","date_gmt":"2022-07-10T15:08:00","guid":{"rendered":"https:\/\/lamarelleenchantee.ovh\/wordpress\/?p=497"},"modified":"2025-07-10T17:09:28","modified_gmt":"2025-07-10T15:09:28","slug":"la-msa","status":"publish","type":"post","link":"https:\/\/lamarelleenchantee.ovh\/wordpress\/la-msa\/","title":{"rendered":"La MSA"},"content":{"rendered":"\n<p class=\"wp-block-paragraph\"><strong>La Mutualit\u00e9 sociale agricole (MSA) <\/strong>assure la couverture sociale de l\u2019ensemble de la population agricole et des ayants droit : exploitants, salari\u00e9s (d\u2019exploitations, d\u2019entreprises, de coop\u00e9ratives et d\u2019organismes professionnels agricoles), employeurs de main-d\u2019\u0153uvre. Avec 26,8 milliards de prestations vers\u00e9es \u00e0 5,6 millions de b\u00e9n\u00e9ficiaires, c\u2019est le deuxi\u00e8me r\u00e9gime de protection sociale en France.<\/p>\n\n\n\n<p class=\"wp-block-paragraph\">Comme la CAF, la MSA soutient la structure en compl\u00e9tant la participation financi\u00e8re des familles en versant une \u00ab prestation de service \u00bb, sous r\u00e9serve du respect d\u2019un certain nombre d\u2019engagements (taux de remplissage et d\u2019encadrement, qualit\u00e9 d\u2019accueil\u2026).<\/p>\n\n\n\n<p class=\"has-text-align-center wp-block-paragraph\"><a href=\"https:\/\/www.msa.fr\/lfy\">https:\/\/www.msa.fr\/lfy<\/a><\/p>\n\n\n<div class=\"wp-block-image\">\n<figure class=\"aligncenter\"><img loading=\"lazy\" decoding=\"async\" width=\"329\" height=\"153\" src=\"https:\/\/lamarelleenchantee.ovh\/wordpress\/wp-content\/uploads\/logo.jpg\" alt=\"\" class=\"wp-image-498\" title=\"\" srcset=\"https:\/\/lamarelleenchantee.ovh\/wordpress\/wp-content\/uploads\/logo.jpg 329w, https:\/\/lamarelleenchantee.ovh\/wordpress\/wp-content\/uploads\/logo-300x140.jpg 300w\" sizes=\"auto, (max-width: 329px) 100vw, 329px\" \/><\/figure>\n<\/div>","protected":false},"excerpt":{"rendered":"<p>La Mutualit\u00e9 sociale agricole (MSA) assure la couverture sociale de l\u2019ensemble de la population agricole et des ayants droit : exploitants, salari\u00e9s (d\u2019exploitations, d\u2019entreprises, de &hellip; <\/p>\n","protected":false},"author":1,"featured_media":0,"comment_status":"open","ping_status":"open","sticky":false,"template":"","format":"standard","meta":{"_crdt_document":"","_jetpack_memberships_contains_paid_content":false,"footnotes":"","jetpack_publicize_message":"","jetpack_publicize_feature_enabled":true,"jetpack_social_post_already_shared":false,"jetpack_social_options":{"image_generator_settings":{"template":"highway","default_image_id":0,"font":"","enabled":false},"version":2}},"categories":[20],"tags":[],"class_list":["post-497","post","type-post","status-publish","format-standard","hentry","category-partenaires"],"jetpack_publicize_connections":[],"jetpack_featured_media_url":"","jetpack_sharing_enabled":true,"_links":{"self":[{"href":"https:\/\/lamarelleenchantee.ovh\/wordpress\/wp-json\/wp\/v2\/posts\/497","targetHints":{"allow":["GET"]}}],"collection":[{"href":"https:\/\/lamarelleenchantee.ovh\/wordpress\/wp-json\/wp\/v2\/posts"}],"about":[{"href":"https:\/\/lamarelleenchantee.ovh\/wordpress\/wp-json\/wp\/v2\/types\/post"}],"author":[{"embeddable":true,"href":"https:\/\/lamarelleenchantee.ovh\/wordpress\/wp-json\/wp\/v2\/users\/1"}],"replies":[{"embeddable":true,"href":"https:\/\/lamarelleenchantee.ovh\/wordpress\/wp-json\/wp\/v2\/comments?post=497"}],"version-history":[{"count":1,"href":"https:\/\/lamarelleenchantee.ovh\/wordpress\/wp-json\/wp\/v2\/posts\/497\/revisions"}],"predecessor-version":[{"id":499,"href":"https:\/\/lamarelleenchantee.ovh\/wordpress\/wp-json\/wp\/v2\/posts\/497\/revisions\/499"}],"wp:attachment":[{"href":"https:\/\/lamarelleenchantee.ovh\/wordpress\/wp-json\/wp\/v2\/media?parent=497"}],"wp:term":[{"taxonomy":"category","embeddable":true,"href":"https:\/\/lamarelleenchantee.ovh\/wordpress\/wp-json\/wp\/v2\/categories?post=497"},{"taxonomy":"post_tag","embeddable":true,"href":"https:\/\/lamarelleenchantee.ovh\/wordpress\/wp-json\/wp\/v2\/tags?post=497"}],"curies":[{"name":"wp","href":"https:\/\/api.w.org\/{rel}","templated":true}]}}