{"id":502,"date":"2022-07-10T17:10:00","date_gmt":"2022-07-10T15:10:00","guid":{"rendered":"https:\/\/lamarelleenchantee.ovh\/wordpress\/?p=502"},"modified":"2025-07-10T17:11:46","modified_gmt":"2025-07-10T15:11:46","slug":"lacepp-alpe-04","status":"publish","type":"post","link":"https:\/\/lamarelleenchantee.ovh\/wordpress\/lacepp-alpe-04\/","title":{"rendered":"L&#8217;ACEPP &#8211; ALPE 04"},"content":{"rendered":"<div class=\"wp-block-image\">\n<figure class=\"aligncenter is-resized\"><img decoding=\"async\" src=\"https:\/\/lamarelleenchantee.ovh\/images\/cropped_LOGO_SIGNATURE_20_cm_HD_01.jpg\" alt=\"\" style=\"aspect-ratio:1.5597920071052538;width:307px;height:auto\" title=\"\"\/><\/figure>\n<\/div>\n\n\n<p class=\"wp-block-paragraph\"><strong>L\u2019ACEPP<\/strong> est un mouvement parental, \u00e9ducatif et de d\u00e9veloppement qui f\u00e9d\u00e8re un millier d\u2019initiatives locales, principalement centr\u00e9es sur l\u2019accueil des enfants et r\u00e9parties sur l\u2019ensemble du territoire national, en milieu urbain comme en milieu rural.<br><\/p>\n\n\n\n<p class=\"wp-block-paragraph\">Ces initiatives ont la particularit\u00e9 d\u2019\u00eatre mises en place, g\u00e9r\u00e9es et anim\u00e9es par des groupes de parents soucieux de s\u2019impliquer activement dans l\u2019\u00e9ducation de leurs enfants, en cr\u00e9ant des services associatifs de qualit\u00e9. Ces structures \u00e9manant de contextes locaux tr\u00e8s diff\u00e9rents s\u2019adaptent au mieux aux pr\u00e9occupations et aux d\u00e9sirs des familles&nbsp;; elles repr\u00e9sentent une large palette de services telle que des cr\u00e8ches, haltes-garderies, des lieux<br>d\u2019accueil parents-enfants, des services itin\u00e9rants, des centres de loisirs, des ludoth\u00e8ques et services p\u00e9riscolaires, des lieux interg\u00e9n\u00e9rationnels, des lieux ressources pour les familles\u2026<\/p>\n\n\n\n<p class=\"wp-block-paragraph\">Le r\u00e9seau de l\u2019Acepp regroupe environ 40 000 familles et 7000 professionnels de la petite enfance\/enfance. L\u2019Acepp, en d\u00e9sirant \u00eatre au plus proche des demandes et initiatives locales, accompagne la mise en r\u00e9seau de ces initiatives gr\u00e2ce \u00e0 l\u2019implantation d\u2019une trentaine d\u2019associations d\u00e9partementales et\/ou r\u00e9gionales. L\u2019Acepp et son r\u00e9seau f\u00e9d\u00e9ratif, se donne pour objectif d\u2019encourager&nbsp;:<\/p>\n\n\n\n<ul class=\"wp-block-list\">\n<li>la communication entre les familles, notamment pour la mise en \u0153uvre d\u2019actions concourant \u00e0 l\u2019am\u00e9lioration de leur qualit\u00e9 de vie et au renforcement du r\u00f4le des parents\u00a0;<\/li>\n\n\n\n<li>\u00a0Le d\u00e9veloppement d\u2019initiatives locales collectives port\u00e9es par les habitants, les parents\u00a0;<\/li>\n\n\n\n<li>la facilitation du travail et l\u2019insertion sociale et professionnelle\u00a0;<\/li>\n\n\n\n<li>la solidarit\u00e9 entre les familles et la lutte contre les exclusions\u00a0;<\/li>\n\n\n\n<li>le d\u00e9veloppement social favorisant l\u2019\u00e9mergence d\u2019initiatives d\u2019habitants et le lien social.<\/li>\n<\/ul>\n\n\n\n<p class=\"wp-block-paragraph\"><a href=\"http:\/\/www.acepp.asso.fr\/\" target=\"_blank\" rel=\"noreferrer noopener\">http:\/\/www.acepp.asso.fr\/<\/a><\/p>\n\n\n<div class=\"wp-block-image\">\n<figure class=\"aligncenter is-resized\"><img loading=\"lazy\" decoding=\"async\" width=\"1900\" height=\"554\" src=\"https:\/\/lamarelleenchantee.ovh\/wordpress\/wp-content\/uploads\/fresque_gris_couleurs_transparent.jpg\" alt=\"\" class=\"wp-image-503\" style=\"aspect-ratio:3.4295922651537363;width:569px;height:auto\" title=\"\" srcset=\"https:\/\/lamarelleenchantee.ovh\/wordpress\/wp-content\/uploads\/fresque_gris_couleurs_transparent.jpg 1900w, https:\/\/lamarelleenchantee.ovh\/wordpress\/wp-content\/uploads\/fresque_gris_couleurs_transparent-300x87.jpg 300w, https:\/\/lamarelleenchantee.ovh\/wordpress\/wp-content\/uploads\/fresque_gris_couleurs_transparent-1024x299.jpg 1024w, https:\/\/lamarelleenchantee.ovh\/wordpress\/wp-content\/uploads\/fresque_gris_couleurs_transparent-768x224.jpg 768w, https:\/\/lamarelleenchantee.ovh\/wordpress\/wp-content\/uploads\/fresque_gris_couleurs_transparent-1536x448.jpg 1536w\" sizes=\"auto, (max-width: 1900px) 100vw, 1900px\" \/><\/figure>\n<\/div>\n\n\n<p class=\"wp-block-paragraph\"><strong>ALPE ACEPP 04<\/strong> (Association de Liaison Petite Enfance) est la f\u00e9d\u00e9ration des associations au niveau des Alpes de Hautes Provence. C\u2019est un r\u00e9seau de 28 structures d\u2019accueil pour la petite enfance sur le d\u00e9partement des Alpes de Haute-Provence.<\/p>\n\n\n\n<p class=\"wp-block-paragraph\">Elle accompagne les structures adh\u00e9rentes dans le but de p\u00e9renniser leur activit\u00e9 par diff\u00e9rentes actions men\u00e9es en direction des structures petites enfance \u00e0 gestion parentale :<\/p>\n\n\n\n<ul class=\"wp-block-list\">\n<li>Soutien et conseil technique pour la gestion des lieux d\u2019accueil associatifs \u00e0 participation parentale<\/li>\n\n\n\n<li>Animation d\u2019un r\u00e9seau actif d\u2019entraide et de solidarit\u00e9<\/li>\n\n\n\n<li>Diffusion d\u2019informations et de documentations aupr\u00e8s d\u2019un large public de parents, de professionnels du secteur sanitaire et social, d\u2019\u00e9lus, de responsables d\u2019entreprises&#8230;<\/li>\n\n\n\n<li>Informe sur toute \u00e9volution du contexte r\u00e9glementaire des structures d\u2019accueil petite enfance<\/li>\n\n\n\n<li>Formation des b\u00e9n\u00e9voles associatifs, des professionnels de la Petite Enfance, des jeunes en insertion<\/li>\n\n\n\n<li>Recherches-actions pour soutenir et enrichir l\u2019accueil de tous et la d\u00e9marche interculturelle<\/li>\n\n\n\n<li>Accompagnement d\u2019actions de d\u00e9veloppement social en milieux fragiles (rural et urbain)<\/li>\n<\/ul>\n\n\n\n<p class=\"wp-block-paragraph\">Elle assure \u00e9galement des missions d&#8217;animation, de d\u00e9veloppement et de f\u00e9d\u00e9ration de diff\u00e9rents lieux d\u2019accueil par exemple par un service de ludoth\u00e8que itin\u00e9rante comme la Turboludo.<\/p>\n\n\n\n<p class=\"has-text-align-center wp-block-paragraph\"><a href=\"http:\/\/www.asso-alpe.fr\/\" target=\"_blank\" rel=\"noreferrer noopener\">http:\/\/www.asso-alpe.fr\/<\/a><\/p>\n\n\n<div class=\"wp-block-image\">\n<figure class=\"aligncenter\"><img loading=\"lazy\" decoding=\"async\" width=\"300\" height=\"134\" src=\"https:\/\/lamarelleenchantee.ovh\/wordpress\/wp-content\/uploads\/logo_ALPE_Mw_300x134.jpg\" alt=\"\" class=\"wp-image-504\" title=\"\"\/><\/figure>\n<\/div>\n\n\n<p class=\"has-text-align-center wp-block-paragraph\"><a href=\"https:\/\/www.facebook.com\/turboludo04\">https:\/\/www.facebook.com\/turboludo04<\/a><\/p>\n\n\n<div class=\"wp-block-image\">\n<figure class=\"aligncenter is-resized\"><img loading=\"lazy\" decoding=\"async\" width=\"1021\" height=\"387\" src=\"https:\/\/lamarelleenchantee.ovh\/wordpress\/wp-content\/uploads\/92356055.jpg\" alt=\"\" class=\"wp-image-506\" style=\"aspect-ratio:2.6382082316698074;width:340px;height:auto\" title=\"\" srcset=\"https:\/\/lamarelleenchantee.ovh\/wordpress\/wp-content\/uploads\/92356055.jpg 1021w, https:\/\/lamarelleenchantee.ovh\/wordpress\/wp-content\/uploads\/92356055-300x114.jpg 300w, https:\/\/lamarelleenchantee.ovh\/wordpress\/wp-content\/uploads\/92356055-768x291.jpg 768w\" sizes=\"auto, (max-width: 1021px) 100vw, 1021px\" \/><\/figure>\n<\/div>","protected":false},"excerpt":{"rendered":"<p>L\u2019ACEPP est un mouvement parental, \u00e9ducatif et de d\u00e9veloppement qui f\u00e9d\u00e8re un millier d\u2019initiatives locales, principalement centr\u00e9es sur l\u2019accueil des enfants et r\u00e9parties sur l\u2019ensemble &hellip; <\/p>\n","protected":false},"author":1,"featured_media":0,"comment_status":"open","ping_status":"open","sticky":false,"template":"","format":"standard","meta":{"_crdt_document":"","_jetpack_memberships_contains_paid_content":false,"footnotes":"","jetpack_publicize_message":"","jetpack_publicize_feature_enabled":true,"jetpack_social_post_already_shared":false,"jetpack_social_options":{"image_generator_settings":{"template":"highway","default_image_id":0,"font":"","enabled":false},"version":2}},"categories":[20],"tags":[],"class_list":["post-502","post","type-post","status-publish","format-standard","hentry","category-partenaires"],"jetpack_publicize_connections":[],"jetpack_featured_media_url":"","jetpack_sharing_enabled":true,"_links":{"self":[{"href":"https:\/\/lamarelleenchantee.ovh\/wordpress\/wp-json\/wp\/v2\/posts\/502","targetHints":{"allow":["GET"]}}],"collection":[{"href":"https:\/\/lamarelleenchantee.ovh\/wordpress\/wp-json\/wp\/v2\/posts"}],"about":[{"href":"https:\/\/lamarelleenchantee.ovh\/wordpress\/wp-json\/wp\/v2\/types\/post"}],"author":[{"embeddable":true,"href":"https:\/\/lamarelleenchantee.ovh\/wordpress\/wp-json\/wp\/v2\/users\/1"}],"replies":[{"embeddable":true,"href":"https:\/\/lamarelleenchantee.ovh\/wordpress\/wp-json\/wp\/v2\/comments?post=502"}],"version-history":[{"count":1,"href":"https:\/\/lamarelleenchantee.ovh\/wordpress\/wp-json\/wp\/v2\/posts\/502\/revisions"}],"predecessor-version":[{"id":507,"href":"https:\/\/lamarelleenchantee.ovh\/wordpress\/wp-json\/wp\/v2\/posts\/502\/revisions\/507"}],"wp:attachment":[{"href":"https:\/\/lamarelleenchantee.ovh\/wordpress\/wp-json\/wp\/v2\/media?parent=502"}],"wp:term":[{"taxonomy":"category","embeddable":true,"href":"https:\/\/lamarelleenchantee.ovh\/wordpress\/wp-json\/wp\/v2\/categories?post=502"},{"taxonomy":"post_tag","embeddable":true,"href":"https:\/\/lamarelleenchantee.ovh\/wordpress\/wp-json\/wp\/v2\/tags?post=502"}],"curies":[{"name":"wp","href":"https:\/\/api.w.org\/{rel}","templated":true}]}}