{"id":508,"date":"2022-07-10T17:11:00","date_gmt":"2022-07-10T15:11:00","guid":{"rendered":"https:\/\/lamarelleenchantee.ovh\/wordpress\/?p=508"},"modified":"2025-07-10T17:12:20","modified_gmt":"2025-07-10T15:12:20","slug":"le-collectif-petite-enfance","status":"publish","type":"post","link":"https:\/\/lamarelleenchantee.ovh\/wordpress\/le-collectif-petite-enfance\/","title":{"rendered":"Le Collectif Petite Enfance"},"content":{"rendered":"\n<p class=\"wp-block-paragraph\"><a href=\"http:\/\/www.cpemanosque.fr\" target=\"_blank\" rel=\"noreferrer noopener\">Le Collectif Petite Enfance (http:\/\/www.cpemanosque.fr)<br><\/a><\/p>\n\n\n\n<p class=\"wp-block-paragraph\">Le Collectif Petite Enfance est une association loi 1901 cr\u00e9\u00e9e en d\u00e9cembre 1984 \u00e0 l\u2019initiative de professionnels de la petite enfance et de parents &#8220;dans le but de repr\u00e9senter \u00e0 tous les niveaux les int\u00e9r\u00eats de la petite enfance \u00e0 Manosque et dans sa r\u00e9gion&#8221;.<\/p>\n\n\n\n<p class=\"wp-block-paragraph\">Nous proposons 5 ateliers de d\u00e9couverte de soi, des autres, et du monde.Le Collectif Petite Enfance r\u00e9 ouvre ses portes avec de nouvelles modalit\u00e9s.<\/p>\n\n\n\n<figure class=\"wp-block-image\"><img loading=\"lazy\" decoding=\"async\" width=\"1226\" height=\"533\" src=\"https:\/\/lamarelleenchantee.ovh\/wordpress\/wp-content\/uploads\/collectifPE.jpg\" alt=\"\" class=\"wp-image-509\" title=\"\" srcset=\"https:\/\/lamarelleenchantee.ovh\/wordpress\/wp-content\/uploads\/collectifPE.jpg 1226w, https:\/\/lamarelleenchantee.ovh\/wordpress\/wp-content\/uploads\/collectifPE-300x130.jpg 300w, https:\/\/lamarelleenchantee.ovh\/wordpress\/wp-content\/uploads\/collectifPE-1024x445.jpg 1024w, https:\/\/lamarelleenchantee.ovh\/wordpress\/wp-content\/uploads\/collectifPE-768x334.jpg 768w\" sizes=\"auto, (max-width: 1226px) 100vw, 1226px\" \/><\/figure>\n","protected":false},"excerpt":{"rendered":"<p>Le Collectif Petite Enfance (http:\/\/www.cpemanosque.fr) Le Collectif Petite Enfance est une association loi 1901 cr\u00e9\u00e9e en d\u00e9cembre 1984 \u00e0 l\u2019initiative de professionnels de la petite &hellip; <\/p>\n","protected":false},"author":1,"featured_media":0,"comment_status":"open","ping_status":"open","sticky":false,"template":"","format":"standard","meta":{"_crdt_document":"","_jetpack_memberships_contains_paid_content":false,"footnotes":"","jetpack_publicize_message":"","jetpack_publicize_feature_enabled":true,"jetpack_social_post_already_shared":false,"jetpack_social_options":{"image_generator_settings":{"template":"highway","default_image_id":0,"font":"","enabled":false},"version":2}},"categories":[20],"tags":[],"class_list":["post-508","post","type-post","status-publish","format-standard","hentry","category-partenaires"],"jetpack_publicize_connections":[],"jetpack_featured_media_url":"","jetpack_sharing_enabled":true,"_links":{"self":[{"href":"https:\/\/lamarelleenchantee.ovh\/wordpress\/wp-json\/wp\/v2\/posts\/508","targetHints":{"allow":["GET"]}}],"collection":[{"href":"https:\/\/lamarelleenchantee.ovh\/wordpress\/wp-json\/wp\/v2\/posts"}],"about":[{"href":"https:\/\/lamarelleenchantee.ovh\/wordpress\/wp-json\/wp\/v2\/types\/post"}],"author":[{"embeddable":true,"href":"https:\/\/lamarelleenchantee.ovh\/wordpress\/wp-json\/wp\/v2\/users\/1"}],"replies":[{"embeddable":true,"href":"https:\/\/lamarelleenchantee.ovh\/wordpress\/wp-json\/wp\/v2\/comments?post=508"}],"version-history":[{"count":1,"href":"https:\/\/lamarelleenchantee.ovh\/wordpress\/wp-json\/wp\/v2\/posts\/508\/revisions"}],"predecessor-version":[{"id":510,"href":"https:\/\/lamarelleenchantee.ovh\/wordpress\/wp-json\/wp\/v2\/posts\/508\/revisions\/510"}],"wp:attachment":[{"href":"https:\/\/lamarelleenchantee.ovh\/wordpress\/wp-json\/wp\/v2\/media?parent=508"}],"wp:term":[{"taxonomy":"category","embeddable":true,"href":"https:\/\/lamarelleenchantee.ovh\/wordpress\/wp-json\/wp\/v2\/categories?post=508"},{"taxonomy":"post_tag","embeddable":true,"href":"https:\/\/lamarelleenchantee.ovh\/wordpress\/wp-json\/wp\/v2\/tags?post=508"}],"curies":[{"name":"wp","href":"https:\/\/api.w.org\/{rel}","templated":true}]}}