{"id":970,"date":"2025-11-10T18:13:45","date_gmt":"2025-11-10T17:13:45","guid":{"rendered":"https:\/\/lamarelleenchantee.ovh\/wordpress\/?p=970"},"modified":"2026-01-02T17:24:17","modified_gmt":"2026-01-02T16:24:17","slug":"cafe-parents-la-periode-dopposition-de-lenfant","status":"publish","type":"post","link":"https:\/\/lamarelleenchantee.ovh\/wordpress\/cafe-parents-la-periode-dopposition-de-lenfant\/","title":{"rendered":"Caf\u00e9 parents &#8211; La p\u00e9riode d&#8217;opposition de l&#8217;enfant"},"content":{"rendered":"\n<p class=\"has-text-align-center has-large-font-size wp-block-paragraph\"><strong><mark style=\"background-color:rgba(0, 0, 0, 0)\" class=\"has-inline-color has-light-green-cyan-color\">Le lundi 10 novembre \u00e0 partir de 17h, Delphine, Manon et Pauline vous accueillent pour un caf\u00e9 parents autour de la p\u00e9riode d&#8217;opposition de l&#8217;enfant.<\/mark><\/strong><\/p>\n\n\n\n<div class=\"wp-block-group is-nowrap is-layout-flex wp-container-core-group-is-layout-8f761849 wp-block-group-is-layout-flex\">\n<div class=\"wp-block-group is-vertical is-layout-flex wp-container-core-group-is-layout-4fc3f8e1 wp-block-group-is-layout-flex\">\n<p class=\"wp-block-paragraph\">Un temps d&#8217;\u00e9changes et de partage.<\/p>\n\n\n\n<p class=\"wp-block-paragraph\"><\/p>\n\n\n\n<p class=\"wp-block-paragraph\">Inscription \u00e0 l&#8217;accueil ou par mail.<\/p>\n\n\n\n<p class=\"wp-block-paragraph\"><\/p>\n\n\n\n<p class=\"wp-block-paragraph\">Nous pouvons accueillir vos enfants pendant le temps d&#8217;\u00e9change.<\/p>\n\n\n\n<p class=\"wp-block-paragraph\"><\/p>\n\n\n\n<p class=\"wp-block-paragraph\">Ceux qui le souhaitent peuvent apporter quelque chose \u00e0 grignoter ou \u00e0 boire&#8230;.<\/p>\n\n\n\n<p class=\"wp-block-paragraph\"><\/p>\n\n\n\n<p class=\"wp-block-paragraph\">En vous esp\u00e9rant nombreux,&#8230;.<\/p>\n<\/div>\n\n\n\n<figure class=\"wp-block-image size-large\"><img decoding=\"async\" src=\"https:\/\/lamarelleenchantee.ovh\/wordpress\/wp-content\/uploads\/Affiche-ecole-reunion-cafe-des-parents-illustree-rose-jaune-vert--724x1024.png\" alt=\"\" class=\"wp-image-971\"\/><\/figure>\n<\/div>\n","protected":false},"excerpt":{"rendered":"<p>Le lundi 10 novembre \u00e0 partir de 17h, Delphine, Manon et Pauline vous accueillent pour un caf\u00e9 parents autour de la p\u00e9riode d&#8217;opposition de l&#8217;enfant. &hellip; <\/p>\n","protected":false},"author":1,"featured_media":971,"comment_status":"open","ping_status":"open","sticky":false,"template":"","format":"standard","meta":{"_crdt_document":"","_jetpack_memberships_contains_paid_content":false,"footnotes":"","jetpack_publicize_message":"","jetpack_publicize_feature_enabled":true,"jetpack_social_post_already_shared":true,"jetpack_social_options":{"image_generator_settings":{"template":"highway","default_image_id":0,"font":"","enabled":false},"version":2}},"categories":[19],"tags":[],"class_list":["post-970","post","type-post","status-publish","format-standard","has-post-thumbnail","hentry","category-coin_parents"],"jetpack_publicize_connections":[],"jetpack_featured_media_url":"https:\/\/lamarelleenchantee.ovh\/wordpress\/wp-content\/uploads\/Affiche-ecole-reunion-cafe-des-parents-illustree-rose-jaune-vert--e1762450210126.png","jetpack_sharing_enabled":true,"_links":{"self":[{"href":"https:\/\/lamarelleenchantee.ovh\/wordpress\/wp-json\/wp\/v2\/posts\/970","targetHints":{"allow":["GET"]}}],"collection":[{"href":"https:\/\/lamarelleenchantee.ovh\/wordpress\/wp-json\/wp\/v2\/posts"}],"about":[{"href":"https:\/\/lamarelleenchantee.ovh\/wordpress\/wp-json\/wp\/v2\/types\/post"}],"author":[{"embeddable":true,"href":"https:\/\/lamarelleenchantee.ovh\/wordpress\/wp-json\/wp\/v2\/users\/1"}],"replies":[{"embeddable":true,"href":"https:\/\/lamarelleenchantee.ovh\/wordpress\/wp-json\/wp\/v2\/comments?post=970"}],"version-history":[{"count":1,"href":"https:\/\/lamarelleenchantee.ovh\/wordpress\/wp-json\/wp\/v2\/posts\/970\/revisions"}],"predecessor-version":[{"id":972,"href":"https:\/\/lamarelleenchantee.ovh\/wordpress\/wp-json\/wp\/v2\/posts\/970\/revisions\/972"}],"wp:featuredmedia":[{"embeddable":true,"href":"https:\/\/lamarelleenchantee.ovh\/wordpress\/wp-json\/wp\/v2\/media\/971"}],"wp:attachment":[{"href":"https:\/\/lamarelleenchantee.ovh\/wordpress\/wp-json\/wp\/v2\/media?parent=970"}],"wp:term":[{"taxonomy":"category","embeddable":true,"href":"https:\/\/lamarelleenchantee.ovh\/wordpress\/wp-json\/wp\/v2\/categories?post=970"},{"taxonomy":"post_tag","embeddable":true,"href":"https:\/\/lamarelleenchantee.ovh\/wordpress\/wp-json\/wp\/v2\/tags?post=970"}],"curies":[{"name":"wp","href":"https:\/\/api.w.org\/{rel}","templated":true}]}}